{"id":1645,"date":"2021-05-04T06:50:34","date_gmt":"2021-05-04T06:50:34","guid":{"rendered":"https:\/\/grupoevita.com\/el-presidente-inaugura-una-fabrica-de-cemento-en-bata\/"},"modified":"2021-05-04T07:17:42","modified_gmt":"2021-05-04T07:17:42","slug":"o-presidente-inaugura-uma-fabrica-de-cimento-em-bata","status":"publish","type":"post","link":"https:\/\/grupoevita.com\/pt-pt\/o-presidente-inaugura-uma-fabrica-de-cimento-em-bata\/","title":{"rendered":"O Presidente Inaugura uma F\u00e1brica de Cimento em Bata"},"content":{"rendered":"<p>O Chefe de Estado, S.E. OBIANG NGUEMA MBASOGO, presidiu \u00e0 cerim\u00f3nia de inaugura\u00e7\u00e3o da f\u00e1brica de cimento cola, um projecto privado mas nacional do <strong>Grupo Evita<\/strong>, na cidade de Bata, no dia 3 de Dezembro.<\/p>\n<p>O evento contou com a presen\u00e7a de alguns membros do Governo, autoridades provinciais, distritais e municipais do Litoral, bem como do Secret\u00e1rio-Geral do PDGE, <strong>Jer\u00f3nimo OSA OSA EKORO<\/strong> e v\u00e1rios coros de anima\u00e7\u00e3o e dan\u00e7as folcl\u00f3ricas.<\/p>\n<p>A introdu\u00e7\u00e3o do protocolo incluiu as palavras de boas-vindas e agradecimentos de <strong>Honorato EVITA OMA<\/strong>, promotor do projecto, em que recordou que o EVITA GROUP come\u00e7ou como uma empresa importadora de cola de cimento, azulejos, tintas e v\u00e1rios materiais de constru\u00e7\u00e3o.<\/p>\n<p>O relat\u00f3rio t\u00e9cnico e o discurso do Ministro da Ind\u00fastria e Energia, <strong>Miguel EKUA ONDO<\/strong>, revelou que tanto a constru\u00e7\u00e3o como a instala\u00e7\u00e3o desta f\u00e1brica foram realizadas em 24 meses, com um custo de 4,8 mil milh\u00f5es de F <strong>CFA financiados pelo Banco de Desenvolvimento dos Estados da \u00c1frica Central (BDEAC), pela Societe Generale de Banques de Guinea Equatorial (SGBGE) e pelo GRUPO EVITA.<\/strong><\/p>\n<p>A constru\u00e7\u00e3o e equipamento da f\u00e1brica foi levada a cabo pelas empresas espanholas SOTECMA e <strong>ENESVAL.<\/strong><\/p>\n<p>A unidade industrial ser\u00e1 operada por jovens licenciados Equatoguineanos de diferentes universidades e escolas t\u00e9cnicas nacionais e estrangeiras.<\/p>\n<p>A f\u00e1brica \u00e9 constitu\u00edda por tr\u00eas f\u00e1bricas ou sec\u00e7\u00f5es robotizadas e um laborat\u00f3rio de I+D+I, testes, controlo de qualidade de acordo com normas internacionais de qualidade e com a assist\u00eancia t\u00e9cnica da <strong>CEMENTOS CAPA<\/strong>, empresa espanhola com mais de 130 anos de experi\u00eancia no fabrico de cola de cimento e argamassas diversas.<br \/>\nA f\u00e1brica tem uma capacidade de produ\u00e7\u00e3o de 15 toneladas por hora.<\/p>\n<p>O seu principal material \u00e9 calc\u00e1rio e areia, que se encontra em todo o territ\u00f3rio nacional, bem como cimento Portland, que \u00e9 fabricado pela empresa Abayak, tamb\u00e9m nacional.<\/p>\n<p>O Presidente da Rep\u00fablica iniciou as suas reflex\u00f5es felicitando <strong>Honorato EVITA OMA<\/strong>, como promotor deste trabalho e afirmando que est\u00e1 associado ao acto de fazer <strong>proselitismo pol\u00edtico econ\u00f3mico<\/strong>, uma vez que a iniciativa do Grupo Evita deixa clara a realidade pol\u00edtica da diversifica\u00e7\u00e3o econ\u00f3mica nacional.<\/p>\n<p>Convidou igualmente as autoridades econ\u00f3micas e o governo a adoptarem medidas proteccionistas para estas iniciativas, uma vez que produtos nacionais deste tipo n\u00e3o devem encontrar concorr\u00eancia nos mercados do pa\u00eds, pelo que a sua importa\u00e7\u00e3o deve ser regulamentada.<\/p>\n<p>Num outro momento das suas reflex\u00f5es, S.E. Obiang NGUEMA MBASOGO convidou a copiar este exemplo, e a investir em empresas e na compra de bens imobili\u00e1rios Equatoguinean.<\/p>\n<p>Ap\u00f3s a b\u00ean\u00e7\u00e3o sacerdotal e o corte da fita inaugural, o Chefe de Estado e a sua comitiva visitaram as instala\u00e7\u00f5es desta f\u00e1brica guiados por Honorato Evita Oma e outros t\u00e9cnicos de cada sec\u00e7\u00e3o.<br \/>\nFoi tamb\u00e9m a ocasi\u00e3o para apresentar ao Presidente o certificado de Presidente Honor\u00e1rio do <strong>Grupo Evita<\/strong>.<\/p>\n<p>Ap\u00f3s a inaugura\u00e7\u00e3o da placa comemorativa e demonstra\u00e7\u00f5es de material robotizado, a cerim\u00f3nia de inaugura\u00e7\u00e3o da f\u00e1brica da EvitaCol chegou ao fim.<\/p>\n","protected":false},"excerpt":{"rendered":"<p>O Chefe de Estado, S.E. OBIANG NGUEMA MBASOGO, presidiu \u00e0 cerim\u00f3nia de inaugura\u00e7\u00e3o da f\u00e1brica de cimento cola, um projecto privado mas nacional do Grupo Evita, na cidade de Bata, no dia 3 de Dezembro. O evento contou com a presen\u00e7a de alguns membros do Governo, autoridades provinciais, distritais e municipais do Litoral, bem como [&hellip;]<\/p>\n","protected":false},"author":1,"featured_media":1534,"comment_status":"open","ping_status":"open","sticky":false,"template":"","format":"standard","meta":{"footnotes":""},"categories":[1],"tags":[],"class_list":["post-1645","post","type-post","status-publish","format-standard","has-post-thumbnail","hentry","category-sin-categorizar"],"_links":{"self":[{"href":"https:\/\/grupoevita.com\/pt-pt\/wp-json\/wp\/v2\/posts\/1645","targetHints":{"allow":["GET"]}}],"collection":[{"href":"https:\/\/grupoevita.com\/pt-pt\/wp-json\/wp\/v2\/posts"}],"about":[{"href":"https:\/\/grupoevita.com\/pt-pt\/wp-json\/wp\/v2\/types\/post"}],"author":[{"embeddable":true,"href":"https:\/\/grupoevita.com\/pt-pt\/wp-json\/wp\/v2\/users\/1"}],"replies":[{"embeddable":true,"href":"https:\/\/grupoevita.com\/pt-pt\/wp-json\/wp\/v2\/comments?post=1645"}],"version-history":[{"count":2,"href":"https:\/\/grupoevita.com\/pt-pt\/wp-json\/wp\/v2\/posts\/1645\/revisions"}],"predecessor-version":[{"id":1647,"href":"https:\/\/grupoevita.com\/pt-pt\/wp-json\/wp\/v2\/posts\/1645\/revisions\/1647"}],"wp:featuredmedia":[{"embeddable":true,"href":"https:\/\/grupoevita.com\/pt-pt\/wp-json\/wp\/v2\/media\/1534"}],"wp:attachment":[{"href":"https:\/\/grupoevita.com\/pt-pt\/wp-json\/wp\/v2\/media?parent=1645"}],"wp:term":[{"taxonomy":"category","embeddable":true,"href":"https:\/\/grupoevita.com\/pt-pt\/wp-json\/wp\/v2\/categories?post=1645"},{"taxonomy":"post_tag","embeddable":true,"href":"https:\/\/grupoevita.com\/pt-pt\/wp-json\/wp\/v2\/tags?post=1645"}],"curies":[{"name":"wp","href":"https:\/\/api.w.org\/{rel}","templated":true}]}}