{"id":1644,"date":"2021-05-04T07:08:58","date_gmt":"2021-05-04T07:08:58","guid":{"rendered":"https:\/\/grupoevita.com\/malabo-acogera-una-cumbre-de-negocios-de-la-comunidad-de-paises-de-lengua-portuguesa\/"},"modified":"2021-05-04T07:30:36","modified_gmt":"2021-05-04T07:30:36","slug":"malabo-vai-sediar-uma-cupula-de-negocios-da-comunidade-dos-paises-de-lingua-portuguesa","status":"publish","type":"post","link":"https:\/\/grupoevita.com\/pt-pt\/malabo-vai-sediar-uma-cupula-de-negocios-da-comunidade-dos-paises-de-lingua-portuguesa\/","title":{"rendered":"Malabo vai sediar uma C\u00fapula de Neg\u00f3cios da Comunidade dos Pa\u00edses de L\u00edngua Portuguesa"},"content":{"rendered":"<p>A Guin\u00e9 Equatorial \u00e9 membro de pleno direito da CPLP desde 2014<\/p>\n<p>Com o Alto Patroc\u00ednio da Comunidade dos Pa\u00edses de L\u00edngua Portuguesa (CPLP), a Confedera\u00e7\u00e3o Empresarial da CPLP (CE-CPLP) organiza o <strong>&#8220;CE-CPLP Business Summit&#8221;, que acontecer\u00e1 nos dias 5, 6 e 7 de maio de <a href=\"https:\/\/www.guineainfomarket.com\/tag\/2021\/\" target=\"_blank\" rel=\"noopener\">2021<\/a> em Malabo, no Pal\u00e1cio de Confer\u00eancias Internacionais de Sipopo.<\/strong><\/p>\n<p>A \u00e1rea de influ\u00eancia econ\u00f4mica da <a href=\"https:\/\/www.cplp.org\/\" target=\"_blank\" rel=\"noopener\"><strong>CPLP<\/strong><\/a> cobre uma popula\u00e7\u00e3o de 267 milh\u00f5es de pessoas, em uma \u00e1rea de 10.742.000 km2. Entre os principais pa\u00edses, destacam-se Portugal, Brasil e Angola. A CPLP \u00e9 atualmente composta por 9 estados membros (Angola, Brasil, Cabo Verde, Guin\u00e9 Bissau, Guin\u00e9 Equatorial, <strong><a href=\"https:\/\/www.guineainfomarket.com\/tag\/mozambique-en\/\" target=\"_blank\" rel=\"noopener\">Mo\u00e7ambique<\/a><\/strong>, Portugal, S\u00e3o Tom\u00e9 e Pr\u00edncipe, Timor Leste) e 6 estados associados.<\/p>\n<p><img loading=\"lazy\" decoding=\"async\" class=\"alignnone size-full wp-image-1623\" src=\"https:\/\/grupoevita.com\/wp-content\/uploads\/2021\/05\/cumbre-negocios-paises-lengua-portuguesa.jpg\" alt=\"\" width=\"459\" height=\"318\" srcset=\"https:\/\/grupoevita.com\/wp-content\/uploads\/2021\/05\/cumbre-negocios-paises-lengua-portuguesa.jpg 459w, https:\/\/grupoevita.com\/wp-content\/uploads\/2021\/05\/cumbre-negocios-paises-lengua-portuguesa-300x208.jpg 300w\" sizes=\"auto, (max-width: 459px) 100vw, 459px\" \/><\/p>\n<h3>PRINCIPAIS OBJETIVOS DA C\u00daPULA EMPRESARIAL DA CE CPLP<\/h3>\n<p>\u2022 Trazer empresas internacionais da Comunidade para o pa\u00eds CPLP, 9 pa\u00edses, 4 continentes e pa\u00edses observadores e parceiros.<br \/>\n\u2022 Cumprir as diretrizes de desenvolvimento do pa\u00eds nas seguintes \u00e1reas:<\/p>\n<ul>\n<li>Energia, Petr\u00f3leo e G\u00e1s.<\/li>\n<li>Pesca.<\/li>\n<li>Agricultura.<\/li>\n<li>Processamento de alimentos.<\/li>\n<li>Treinamento.<\/li>\n<li>Turismo y Hospitalidad.<\/li>\n<li>Meio ambiente.<\/li>\n<li>Sa\u00fade.<\/li>\n<li>Transporte.<\/li>\n<li>Ind\u00fastria.<\/li>\n<\/ul>\n<p>\u2022 Refor\u00e7ar o papel da Guin\u00e9 Equatorial na Comunidade da CPLP para demonstrar seu potencial, seus recursos e sua abertura ao investimento estrangeiro.<br \/>\n\u2022 Apresentar oportunidades de neg\u00f3cios, assim como institui\u00e7\u00f5es de apoio ao investimento.<\/p>\n<h3>Angola enviar\u00e1 uma miss\u00e3o de mais de 100 homens de neg\u00f3cios ao pr\u00f3ximo F\u00f3rum dos Pa\u00edses Lus\u00f3fonos na Guin\u00e9 Equatorial.<\/h3>\n<p>Angola enviar\u00e1 uma miss\u00e3o composta por mais de 100 empres\u00e1rios para uma pr\u00f3xima c\u00fapula empresarial da comunidade dos Pa\u00edses Africanos de L\u00edngua Oficial Portuguesa (Palop). Representantes do\u00a0<a href=\"https:\/\/www.guineainfomarket.com\/tag\/gobierno\/\" target=\"_blank\" rel=\"noopener\">governo<\/a>\u00a0est\u00e3o trabalhando nos preparativos log\u00edsticos para garantir a participa\u00e7\u00e3o no\u00a0<a href=\"https:\/\/www.guineainfomarket.com\/tag\/evento\/\">evento<\/a>, que ser\u00e1 realizado de 5 a 7 de maio em Malabo, capital da Guin\u00e9 Equatorial.<\/p>\n<p>Segundo os organizadores, a delega\u00e7\u00e3o angolana incluir\u00e1 produtores de bebidas, a\u00e7o, cimento, farinha de trigo e milho, assim como gerentes de entidades especializadas em biosseguran\u00e7a, pesca e explora\u00e7\u00e3o de rochas ornamentais. O di\u00e1rio angolano Jornal de Angola destacou quinta-feira os esfor\u00e7os do comit\u00ea executivo encarregado dos procedimentos administrativos e log\u00edsticos, bem como o interesse em apoiar a cria\u00e7\u00e3o de um f\u00f3rum permanente de neg\u00f3cios do Palop, que serviria como elo de liga\u00e7\u00e3o com outros agrupamentos regionais.<\/p>\n<p><img loading=\"lazy\" decoding=\"async\" class=\"alignnone size-full wp-image-1629\" src=\"https:\/\/grupoevita.com\/wp-content\/uploads\/2021\/05\/cumbre-negocios-lengua-portuguesa.jpg\" alt=\"\" width=\"680\" height=\"378\" srcset=\"https:\/\/grupoevita.com\/wp-content\/uploads\/2021\/05\/cumbre-negocios-lengua-portuguesa.jpg 680w, https:\/\/grupoevita.com\/wp-content\/uploads\/2021\/05\/cumbre-negocios-lengua-portuguesa-300x167.jpg 300w\" sizes=\"auto, (max-width: 680px) 100vw, 680px\" \/><\/p>\n<h4>GUIN\u00c9 EQUATORIAL PARTICIPAR\u00c1 COM MAIS DE 200 EMPRESAS DE DIFERENTES PA\u00cdSES.<\/h4>\n<p>Segundo o comit\u00ea organizador, a Guin\u00e9 Equatorial participa com uma grande delega\u00e7\u00e3o de empresas de diferentes setores, tais como: hidrocarbonetos, constru\u00e7\u00e3o e infraestrutura, pesca, agricultura, ind\u00fastria de cimento, ind\u00fastria de cola de cimento, ind\u00fastria de papel, ind\u00fastria de tintas, ind\u00fastria de tintas, ind\u00fastria pecu\u00e1ria, hotelaria, turismo, telecomunica\u00e7\u00f5es, transporte a\u00e9reo e mar\u00edtimo, servi\u00e7os postais e de correios, seguros, bancos e finan\u00e7as, etc. &#8230;&#8230;<\/p>\n<h5>PROGRAMA DE EVENTOS<\/h5>\n<p><strong>5 DE MAIO<\/strong><br \/>\n08:30 -09: 45 \u2013 Inscri\u00e7\u00e3o de participantes<br \/>\n11:00 \u2013 Cerim\u00f4nia de abertura do evento solene<br \/>\n<strong>Intervenciones:<\/strong><br \/>\n\u2013 Prefeito de Malabo &#8211; Maria Coloma Edjang Mbenhono<br \/>\n&#8211; Secret\u00e1rio Executivo da CPLP &#8211; Sr. Embaixador Francisco Ribeiro Telles<br \/>\n&#8211; Chefes de Governo presentes Discurso de Abertura &#8211; Sua Excel\u00eancia Obiang Nguema Mbasogo<br \/>\nDescanso<br \/>\nMomento Cultural<br \/>\nConvidados especiais:<br \/>\n\u2013 MALO<br \/>\n\u2013 Banco de China<br \/>\n\u2013 BDEAC<br \/>\n\u2013 Banco Mundial<br \/>\n\u2013\u00a0<a href=\"https:\/\/www.guineainfomarket.com\/tag\/bancos\/\" target=\"_blank\" rel=\"noopener\">Bancos<\/a>\u00a0Nacionales CPLP<br \/>\n\u2013 Presidente da CE \u2013 Discurso de la CPLP<br \/>\n\u2013 Dr. Salimo Abdula<br \/>\nInaugura\u00e7\u00e3o do Pavilh\u00e3o de Exposi\u00e7\u00f5es &#8211; presen\u00e7a de empresas nacionais e internacionais empresas internacionais<br \/>\n13:00 \u2013 Almo\u00e7os \/ Reuni\u00f5es B2B.<br \/>\n15:00 \u2013 Reuni\u00f5es bilaterais entre Comit\u00ea Governamental e Empresas<br \/>\n19:00 \u2013 Fechamento do pavilh\u00e3o de neg\u00f3cios<br \/>\n20:00 a 23:30 \u2013 Jantar formal de abertura da c\u00fapula empresarial, que ter\u00e1 atividade de treinamento para empres\u00e1rios e <a href=\"https:\/\/www.guineainfomarket.com\/tag\/inversores\/\" target=\"_blank\" rel=\"noopener\">investidores<\/a> com palestrante convidado.<\/p>\n<p><strong>6 DE MAIO<\/strong><br \/>\n10:30 \u2013 Inaugura\u00e7\u00e3o do pavilh\u00e3o de exposi\u00e7\u00f5es de empresas nacionais e internacionais.<br \/>\n11:00 \u201313: 00 \u2013 1\u00ba Painel &#8211; Interven\u00e7\u00e3o dos Ministros 2\u00ba Painel &#8211; Interven\u00e7\u00e3o dos Ministros.<br \/>\n13:00 a 15:00 \u2013 Almo\u00e7o \/ reuni\u00f5es de neg\u00f3cios B2B.<br \/>\n15:30 a 17:30 \u2013 Reuni\u00e3o sobre Empreendedorismo Feminino.<br \/>\n19:00 \u2013 Encerramento do Pavilh\u00e3o de Exposi\u00e7\u00f5es de Neg\u00f3cios.<br \/>\n19:30 a 23:30 \u2013 Jantar cultural<br \/>\n\u2013 Homenagem ao Fado e \u00e0 Morna, Patrim\u00f4nio Cultural.<br \/>\n\u2013 Cultura e Guin\u00e9 Equatorial &#8211; performance art\u00edstica<\/p>\n<p><strong>7 DE MAIO<\/strong><br \/>\n10:00 \u2013 Abertura do pavilh\u00e3o para as feiras nacionais e internacionais.<br \/>\n13:00 a 15:00 \u2013 \u00e0s 15:00 &#8211; Almo\u00e7os de neg\u00f3cios \/ reuni\u00f5es B2B.<br \/>\n15:30 \u2013 Cerim\u00f4nia de encerramento.<br \/>\n&#8211; Assinatura de protocolos<br \/>\n&#8211; Interven\u00e7\u00e3o do membro da CPLP da CE<br \/>\n&#8211; Interven\u00e7\u00e3o do membro da CPLP<br \/>\n&#8211; Interven\u00e7\u00e3o do governo<\/p>\n<h4>INTEGRA\u00c7\u00c3O DA GUIN\u00c9 EQUATORIAL NO ESPA\u00c7O LUS\u00d3FONO<\/h4>\n<p>Os navegadores portugueses foram os primeiros europeus a explorar o\u00a0<a href=\"https:\/\/www.guineainfomarket.com\/tag\/golfo-de-guinea\/\" target=\"_blank\" rel=\"noopener\">Golfo A Guin\u00e9<\/a>\u00a0em 1471. Fern\u00e3o do P\u00f3 colocou a ilha de\u00a0<a href=\"https:\/\/www.guineainfomarket.com\/tag\/bioko\/\" target=\"_blank\" rel=\"noopener\">Bioko<\/a>\u00a0em mapas europeus naquele ano, procurando uma rota para a \u00cdndia, que ele chamou de Taiwan. A princ\u00edpio era conhecido pelo nome de seu descobridor, Fern\u00e3o P\u00f3.<\/p>\n<p>Em 1493, D. Jo\u00e3o II de Portugal proclamou-se, juntamente com o resto de seus t\u00edtulos reais, Senhor da Guin\u00e9. Os portugueses colonizaram as ilhas de Bioko, Annob\u00f3n e Corisco em 1494. As ilhas permaneceram em m\u00e3os portuguesas at\u00e9 mar\u00e7o de 1778. Ap\u00f3s os tratados de San Ildefonso em 1777, eles foram cedidos \u00e0\u00a0<a href=\"https:\/\/www.guineainfomarket.com\/tag\/espana\/\" target=\"_blank\" rel=\"noopener\">Espanha<\/a>, juntamente com os direitos de livre com\u00e9rcio em um setor da costa do Golfo da Guin\u00e9 entre os rios N\u00edger e Ogoou\u00e9, em troca da disputada Col\u00f4nia do Sacramento.<br \/>\nA liga\u00e7\u00e3o hist\u00f3rica entre a Guin\u00e9 Equatorial e Portugal remonta a essa \u00e9poca.<\/p>\n<p>Ap\u00f3s um passado hist\u00f3rico com la\u00e7os comuns, e um longo processo de aproxima\u00e7\u00e3o com o espa\u00e7o lus\u00f3fono, a Guin\u00e9 Equatorial tornou-se membro pleno da CPLP em 2014.<\/p>\n<p>Em 2011, a CPLP desenvolveu um Plano de Ades\u00e3o e de A\u00e7\u00e3o para a integra\u00e7\u00e3o da Guin\u00e9 Equatorial. Al\u00e9m de aderir aos Estatutos da CPLP e utilizar o portugu\u00eas como l\u00edngua oficial do pa\u00eds, o documento delineou 5 eixos principais, que se traduziriam em planos de a\u00e7\u00e3o:<br \/>\n<strong>Eixo I \u2013<\/strong>\u00a0Plano de a\u00e7\u00e3o para a divulga\u00e7\u00e3o da l\u00edngua portuguesa na Guin\u00e9 Equatorial.<br \/>\n<strong>Eixo II \u2013<\/strong>\u00a0Plano de a\u00e7\u00e3o para a recep\u00e7\u00e3o e implementa\u00e7\u00e3o da Cole\u00e7\u00e3o Comunit\u00e1ria.<br \/>\n<strong>Eixo III \u2013<\/strong>\u00a0Plano para a reabilita\u00e7\u00e3o da Mem\u00f3ria Hist\u00f3rica e Cultural.<br \/>\n<strong>Eixo IV\u00a0\u2013<\/strong> Plano de Comunica\u00e7\u00e3o Institucional.<br \/>\n<strong>Eixo V\u00a0\u2013<\/strong> Plano de promo\u00e7\u00e3o e integra\u00e7\u00e3o.<\/p>\n<p>Num futuro pr\u00f3ximo, a Secretaria Geral da CE- CPLP enviar\u00e1 a lista final de empresas dos pa\u00edses participantes ao comit\u00ea organizador de eventos da Guin\u00e9 Equatorial.<\/p>\n","protected":false},"excerpt":{"rendered":"<p>A Guin\u00e9 Equatorial \u00e9 membro de pleno direito da CPLP desde 2014 Com o Alto Patroc\u00ednio da Comunidade dos Pa\u00edses de L\u00edngua Portuguesa (CPLP), a Confedera\u00e7\u00e3o Empresarial da CPLP (CE-CPLP) organiza o &#8220;CE-CPLP Business Summit&#8221;, que acontecer\u00e1 nos dias 5, 6 e 7 de maio de 2021 em Malabo, no Pal\u00e1cio de Confer\u00eancias Internacionais de [&hellip;]<\/p>\n","protected":false},"author":1,"featured_media":1642,"comment_status":"open","ping_status":"open","sticky":false,"template":"","format":"standard","meta":{"footnotes":""},"categories":[1],"tags":[],"class_list":["post-1644","post","type-post","status-publish","format-standard","has-post-thumbnail","hentry","category-sin-categorizar"],"_links":{"self":[{"href":"https:\/\/grupoevita.com\/pt-pt\/wp-json\/wp\/v2\/posts\/1644","targetHints":{"allow":["GET"]}}],"collection":[{"href":"https:\/\/grupoevita.com\/pt-pt\/wp-json\/wp\/v2\/posts"}],"about":[{"href":"https:\/\/grupoevita.com\/pt-pt\/wp-json\/wp\/v2\/types\/post"}],"author":[{"embeddable":true,"href":"https:\/\/grupoevita.com\/pt-pt\/wp-json\/wp\/v2\/users\/1"}],"replies":[{"embeddable":true,"href":"https:\/\/grupoevita.com\/pt-pt\/wp-json\/wp\/v2\/comments?post=1644"}],"version-history":[{"count":2,"href":"https:\/\/grupoevita.com\/pt-pt\/wp-json\/wp\/v2\/posts\/1644\/revisions"}],"predecessor-version":[{"id":1649,"href":"https:\/\/grupoevita.com\/pt-pt\/wp-json\/wp\/v2\/posts\/1644\/revisions\/1649"}],"wp:featuredmedia":[{"embeddable":true,"href":"https:\/\/grupoevita.com\/pt-pt\/wp-json\/wp\/v2\/media\/1642"}],"wp:attachment":[{"href":"https:\/\/grupoevita.com\/pt-pt\/wp-json\/wp\/v2\/media?parent=1644"}],"wp:term":[{"taxonomy":"category","embeddable":true,"href":"https:\/\/grupoevita.com\/pt-pt\/wp-json\/wp\/v2\/categories?post=1644"},{"taxonomy":"post_tag","embeddable":true,"href":"https:\/\/grupoevita.com\/pt-pt\/wp-json\/wp\/v2\/tags?post=1644"}],"curies":[{"name":"wp","href":"https:\/\/api.w.org\/{rel}","templated":true}]}}