{"id":1529,"date":"2019-07-05T10:59:50","date_gmt":"2019-07-05T10:59:50","guid":{"rendered":"https:\/\/grupoevita.com\/1397\/"},"modified":"2021-05-03T07:55:05","modified_gmt":"2021-05-03T07:55:05","slug":"grupo-evita-inaugura-sua-fabrica-de-evitacol-em-bata","status":"publish","type":"post","link":"https:\/\/grupoevita.com\/pt-pt\/grupo-evita-inaugura-sua-fabrica-de-evitacol-em-bata\/","title":{"rendered":"GRUPO EVITA inaugura sua f\u00e1brica de EVITACOL em Bata"},"content":{"rendered":"<p>O GRUPO EVITA inaugurou, em 3 de dezembro de 2018, sua planta industrial EVITACOL Cimento Cola EVITACOL em Bata.<\/p>\n<p><img loading=\"lazy\" decoding=\"async\" class=\"alignnone size-full wp-image-1402\" src=\"https:\/\/grupoevita.com\/wp-content\/uploads\/2019\/07\/whatsapp-image-2019-06-18-at-23.13.38.jpeg\" alt=\"\" width=\"1080\" height=\"607\" srcset=\"https:\/\/grupoevita.com\/wp-content\/uploads\/2019\/07\/whatsapp-image-2019-06-18-at-23.13.38.jpeg 1080w, https:\/\/grupoevita.com\/wp-content\/uploads\/2019\/07\/whatsapp-image-2019-06-18-at-23.13.38-300x169.jpeg 300w, https:\/\/grupoevita.com\/wp-content\/uploads\/2019\/07\/whatsapp-image-2019-06-18-at-23.13.38-768x432.jpeg 768w, https:\/\/grupoevita.com\/wp-content\/uploads\/2019\/07\/whatsapp-image-2019-06-18-at-23.13.38-1024x576.jpeg 1024w\" sizes=\"auto, (max-width: 1080px) 100vw, 1080px\" \/><\/p>\n<p>O evento contou com a presen\u00e7a do Presidente da Rep\u00fablica, S.E. OBIANG NGUEMA MBASOGO, que parabenizou Honorato EVITA OMA, CEO do GRUPO EVITA, e destacou que esta f\u00e1brica \u00e9 um sinal da diversifica\u00e7\u00e3o econ\u00f4mica que a Guin\u00e9 Equatorial est\u00e1 vivenciando.<\/p>\n<p><img loading=\"lazy\" decoding=\"async\" class=\"alignnone size-full wp-image-1406\" src=\"https:\/\/grupoevita.com\/wp-content\/uploads\/2019\/07\/whatsapp-image-2019-06-18-at-23.14.03.jpeg\" alt=\"\" width=\"1080\" height=\"607\" srcset=\"https:\/\/grupoevita.com\/wp-content\/uploads\/2019\/07\/whatsapp-image-2019-06-18-at-23.14.03.jpeg 1080w, https:\/\/grupoevita.com\/wp-content\/uploads\/2019\/07\/whatsapp-image-2019-06-18-at-23.14.03-300x169.jpeg 300w, https:\/\/grupoevita.com\/wp-content\/uploads\/2019\/07\/whatsapp-image-2019-06-18-at-23.14.03-768x432.jpeg 768w, https:\/\/grupoevita.com\/wp-content\/uploads\/2019\/07\/whatsapp-image-2019-06-18-at-23.14.03-1024x576.jpeg 1024w\" sizes=\"auto, (max-width: 1080px) 100vw, 1080px\" \/><\/p>\n<p>A constru\u00e7\u00e3o e instala\u00e7\u00e3o da f\u00e1brica EVITACOL foi realizada em um per\u00edodo de 24 meses, com um financiamento de 4.800 milh\u00f5es de francos CFA, consiste em tr\u00eas f\u00e1bricas ou se\u00e7\u00f5es robotizadas &#8211; de acordo com os padr\u00f5es tecnol\u00f3gicos mundiais &#8211; e tem uma capacidade de produ\u00e7\u00e3o de 15 toneladas por hora.<\/p>\n<p><img loading=\"lazy\" decoding=\"async\" class=\"alignnone size-full wp-image-1410\" src=\"https:\/\/grupoevita.com\/wp-content\/uploads\/2019\/07\/whatsapp-image-2019-06-18-at-23.13.40.jpeg\" alt=\"\" width=\"1080\" height=\"607\" srcset=\"https:\/\/grupoevita.com\/wp-content\/uploads\/2019\/07\/whatsapp-image-2019-06-18-at-23.13.40.jpeg 1080w, https:\/\/grupoevita.com\/wp-content\/uploads\/2019\/07\/whatsapp-image-2019-06-18-at-23.13.40-300x169.jpeg 300w, https:\/\/grupoevita.com\/wp-content\/uploads\/2019\/07\/whatsapp-image-2019-06-18-at-23.13.40-768x432.jpeg 768w, https:\/\/grupoevita.com\/wp-content\/uploads\/2019\/07\/whatsapp-image-2019-06-18-at-23.13.40-1024x576.jpeg 1024w\" sizes=\"auto, (max-width: 1080px) 100vw, 1080px\" \/><\/p>\n<p>A voca\u00e7\u00e3o da f\u00e1brica de Cimento Cola do EVITA GROUP em Bata \u00e9 abastecer os mercados nacional, sub-regional (\u00e1rea CEMAC) e internacional, a \u00c1frica Ocidental e a \u00e1rea EC CPLP.<\/p>\n<p><img loading=\"lazy\" decoding=\"async\" class=\"alignnone size-full wp-image-1414\" src=\"https:\/\/grupoevita.com\/wp-content\/uploads\/2019\/07\/whatsapp-image-2019-06-18-at-23.13.36.jpeg\" alt=\"\" width=\"1080\" height=\"607\" srcset=\"https:\/\/grupoevita.com\/wp-content\/uploads\/2019\/07\/whatsapp-image-2019-06-18-at-23.13.36.jpeg 1080w, https:\/\/grupoevita.com\/wp-content\/uploads\/2019\/07\/whatsapp-image-2019-06-18-at-23.13.36-300x169.jpeg 300w, https:\/\/grupoevita.com\/wp-content\/uploads\/2019\/07\/whatsapp-image-2019-06-18-at-23.13.36-768x432.jpeg 768w, https:\/\/grupoevita.com\/wp-content\/uploads\/2019\/07\/whatsapp-image-2019-06-18-at-23.13.36-1024x576.jpeg 1024w\" sizes=\"auto, (max-width: 1080px) 100vw, 1080px\" \/><\/p>\n","protected":false},"excerpt":{"rendered":"<p>O GRUPO EVITA inaugurou, em 3 de dezembro de 2018, sua planta industrial EVITACOL Cimento Cola EVITACOL em Bata. O evento contou com a presen\u00e7a do Presidente da Rep\u00fablica, S.E. OBIANG NGUEMA MBASOGO, que parabenizou Honorato EVITA OMA, CEO do GRUPO EVITA, e destacou que esta f\u00e1brica \u00e9 um sinal da diversifica\u00e7\u00e3o econ\u00f4mica que a [&hellip;]<\/p>\n","protected":false},"author":1,"featured_media":1531,"comment_status":"open","ping_status":"open","sticky":false,"template":"","format":"standard","meta":{"footnotes":""},"categories":[1],"tags":[],"class_list":["post-1529","post","type-post","status-publish","format-standard","has-post-thumbnail","hentry","category-sin-categorizar"],"_links":{"self":[{"href":"https:\/\/grupoevita.com\/pt-pt\/wp-json\/wp\/v2\/posts\/1529","targetHints":{"allow":["GET"]}}],"collection":[{"href":"https:\/\/grupoevita.com\/pt-pt\/wp-json\/wp\/v2\/posts"}],"about":[{"href":"https:\/\/grupoevita.com\/pt-pt\/wp-json\/wp\/v2\/types\/post"}],"author":[{"embeddable":true,"href":"https:\/\/grupoevita.com\/pt-pt\/wp-json\/wp\/v2\/users\/1"}],"replies":[{"embeddable":true,"href":"https:\/\/grupoevita.com\/pt-pt\/wp-json\/wp\/v2\/comments?post=1529"}],"version-history":[{"count":2,"href":"https:\/\/grupoevita.com\/pt-pt\/wp-json\/wp\/v2\/posts\/1529\/revisions"}],"predecessor-version":[{"id":1533,"href":"https:\/\/grupoevita.com\/pt-pt\/wp-json\/wp\/v2\/posts\/1529\/revisions\/1533"}],"wp:featuredmedia":[{"embeddable":true,"href":"https:\/\/grupoevita.com\/pt-pt\/wp-json\/wp\/v2\/media\/1531"}],"wp:attachment":[{"href":"https:\/\/grupoevita.com\/pt-pt\/wp-json\/wp\/v2\/media?parent=1529"}],"wp:term":[{"taxonomy":"category","embeddable":true,"href":"https:\/\/grupoevita.com\/pt-pt\/wp-json\/wp\/v2\/categories?post=1529"},{"taxonomy":"post_tag","embeddable":true,"href":"https:\/\/grupoevita.com\/pt-pt\/wp-json\/wp\/v2\/tags?post=1529"}],"curies":[{"name":"wp","href":"https:\/\/api.w.org\/{rel}","templated":true}]}}