{"id":852,"date":"2018-01-20T17:39:07","date_gmt":"2018-01-20T17:39:07","guid":{"rendered":"http:\/\/grupoevita.com\/declaracion-francisca-rondo\/"},"modified":"2018-02-19T15:47:42","modified_gmt":"2018-02-19T15:47:42","slug":"declaration-francisca-rondo","status":"publish","type":"post","link":"https:\/\/grupoevita.com\/fr\/declaration-francisca-rondo\/","title":{"rendered":"D\u00e9claration de Francisca Rondo"},"content":{"rendered":"<p>Francisca Rondo MAKENDENGUE, Directrice du Communication et Marketing du GROUPE Evita, <strong>exprime la satisfaction de son <\/strong>entreprise au sujet\u00a0 du Forum Economique du 18 Novembre 2016, dans le cadre de la c\u00e9l\u00e9bration de la IV \u00e8me \u00e9dition du Sommet Afrique -Pays Arabes qui s&rsquo;est tenue du 17 au 23 novembre au Centro de Conference du Sipopo- Malabo.<\/p>\n<div class=\"Vermas_texto\">\n<p>En effet, le GROUPE EVITA a pr\u00e9sent\u00e9 les produits de son nouveau projet, CENTRALE \u00c1 MORTIER destin\u00e9 au secteur de la construction. La vaste gamme de produits (ciment colle, mortier de pl\u00e2tre, pl\u00e2tre et ciment blanc) ainsi que leur qualit\u00e9, ont plac\u00e9 EVITA GROUP comme une entreprise leader dans le secteur industriel priv\u00e9 national.\u00a0Notre exp\u00e9rience dans le secteur du transport et la logistique, la promotion de la coop\u00e9ration SUD-SUD, la libre circulation des personnes et des biens dans la zone CEMAC, les avantages fiscaux accord\u00e9s par le gouvernement de la R\u00e9publique de Guin\u00e9e Equatoriale afin d\u2019encourager les investissements, la stabilit\u00e9 du secteur priv\u00e9, la paix et la stabilit\u00e9 politique dans le pays, permettent que nos produits se positionnent sur les march\u00e9s nationaux et internationaux.\u00a0Pour toutes ces raisons, nous voulons exprimer notre gratitude \u00e0 tous les gens, les entreprises, les institutions de l&rsquo;Afrique et du monde arabe qui ont rendu possible la c\u00e9l\u00e9bration du IV\u00e9me Sommet Afrique- Monde Arabe, que pour la premi\u00e8re fois est tenu dans un pays africain. Nous voulons \u00e9galement remercier toutes les entreprises et les institutions qui sont venus visiter notre Stand.<\/p>\n<p>Je profite \u00e9galement de cette occasion pour f\u00e9liciter \u00e0 tous les promoteurs et institutions pour la bonne organisation et d\u00e9veloppement de cet \u00e9v\u00e9nement<\/p>\n<p>Cordialement,<br \/>\nFrancisca Rondo Makendengue<br \/>\nDirectrice de Communication et Marketing<\/p>\n<\/div>\n","protected":false},"excerpt":{"rendered":"<p>Francisca Rondo MAKENDENGUE, Directrice du Communication et Marketing du GROUPE Evita, exprime la satisfaction de son entreprise au sujet\u00a0 du Forum Economique du 18 Novembre 2016, dans le cadre de la c\u00e9l\u00e9bration de la IV \u00e8me \u00e9dition du Sommet Afrique -Pays Arabes qui s&rsquo;est tenue du 17 au 23 novembre au Centro de Conference du [&hellip;]<\/p>\n","protected":false},"author":1,"featured_media":853,"comment_status":"open","ping_status":"open","sticky":false,"template":"","format":"standard","meta":{"footnotes":""},"categories":[4],"tags":[],"class_list":["post-852","post","type-post","status-publish","format-standard","has-post-thumbnail","hentry","category-uncategorized"],"_links":{"self":[{"href":"https:\/\/grupoevita.com\/fr\/wp-json\/wp\/v2\/posts\/852","targetHints":{"allow":["GET"]}}],"collection":[{"href":"https:\/\/grupoevita.com\/fr\/wp-json\/wp\/v2\/posts"}],"about":[{"href":"https:\/\/grupoevita.com\/fr\/wp-json\/wp\/v2\/types\/post"}],"author":[{"embeddable":true,"href":"https:\/\/grupoevita.com\/fr\/wp-json\/wp\/v2\/users\/1"}],"replies":[{"embeddable":true,"href":"https:\/\/grupoevita.com\/fr\/wp-json\/wp\/v2\/comments?post=852"}],"version-history":[{"count":2,"href":"https:\/\/grupoevita.com\/fr\/wp-json\/wp\/v2\/posts\/852\/revisions"}],"predecessor-version":[{"id":855,"href":"https:\/\/grupoevita.com\/fr\/wp-json\/wp\/v2\/posts\/852\/revisions\/855"}],"wp:featuredmedia":[{"embeddable":true,"href":"https:\/\/grupoevita.com\/fr\/wp-json\/wp\/v2\/media\/853"}],"wp:attachment":[{"href":"https:\/\/grupoevita.com\/fr\/wp-json\/wp\/v2\/media?parent=852"}],"wp:term":[{"taxonomy":"category","embeddable":true,"href":"https:\/\/grupoevita.com\/fr\/wp-json\/wp\/v2\/categories?post=852"},{"taxonomy":"post_tag","embeddable":true,"href":"https:\/\/grupoevita.com\/fr\/wp-json\/wp\/v2\/tags?post=852"}],"curies":[{"name":"wp","href":"https:\/\/api.w.org\/{rel}","templated":true}]}}