{"id":1319,"date":"2019-06-17T13:46:57","date_gmt":"2019-06-17T13:46:57","guid":{"rendered":"https:\/\/grupoevita.com\/?p=1319"},"modified":"2019-06-17T16:58:25","modified_gmt":"2019-06-17T16:58:25","slug":"le-groupe-evita-participe-au-salon-du-commerce-intra-africain-iatf-du-caire","status":"publish","type":"post","link":"https:\/\/grupoevita.com\/fr\/le-groupe-evita-participe-au-salon-du-commerce-intra-africain-iatf-du-caire\/","title":{"rendered":"Le GROUPE EVITA participe au salon du commerce intra-africain IATF du Caire"},"content":{"rendered":"<p>Le GROUPE EVITA a particip\u00e9 au salon <em>IATF<\/em> (<em>Inter-African Trade Fair)<\/em> qui s\u2019est tenu au Caire (\u00c9gypte) du 11 au 17 d\u00e9cembre 2018. Celui-ci avait pour objectif de d\u00e9velopper les \u00e9changes commerciaux entre les principales entreprises des secteurs priv\u00e9s et publics d\u2019Afrique et ainsi renforcer l\u2019Union africaine.<\/p>\n<p>Le GROUPE EVITA s\u2019est rendu \u00e0 l\u2019\u00e9v\u00e9nement en tant que repr\u00e9sentant de la Guin\u00e9e \u00c9quatoriale et a pr\u00e9sent\u00e9 son savoir-faire au march\u00e9 africain notamment avec sa gamme de produits de ciment colle de la marque EVITACOL.<\/p>\n<p><img loading=\"lazy\" decoding=\"async\" class=\"alignnone size-full wp-image-1304 aligncenter\" src=\"https:\/\/grupoevita.com\/wp-content\/uploads\/2019\/06\/img-20190607-wa0041_b.jpg\" alt=\"\" width=\"433\" height=\"577\" srcset=\"https:\/\/grupoevita.com\/wp-content\/uploads\/2019\/06\/img-20190607-wa0041_b.jpg 433w, https:\/\/grupoevita.com\/wp-content\/uploads\/2019\/06\/img-20190607-wa0041_b-225x300.jpg 225w\" sizes=\"auto, (max-width: 433px) 100vw, 433px\" \/><\/p>\n<p>La d\u00e9l\u00e9gation du GROUPE EVITA se composait de sa Directrice G\u00e9n\u00e9rale Adjointe, Mme\u00a0Darel Marceau MBA MINKO, et de la commerciale, Mme\u00a0Florentina UBENGA MATOMBA. Le stand du GROUPE EVITA a re\u00e7u de nombreux visiteurs dont la r\u00e9action a \u00e9t\u00e9 tr\u00e8s positive\u00a0: la d\u00e9l\u00e9gation a \u00e9t\u00e9 convi\u00e9e \u00e0 la tenue d\u2019autres \u00e9v\u00e9nements commerciaux en 2019.<\/p>\n<p><img loading=\"lazy\" decoding=\"async\" class=\"alignnone size-full wp-image-1308 aligncenter\" src=\"https:\/\/grupoevita.com\/wp-content\/uploads\/2019\/06\/img-20190607-wa0042_b.jpg\" alt=\"\" width=\"577\" height=\"433\" srcset=\"https:\/\/grupoevita.com\/wp-content\/uploads\/2019\/06\/img-20190607-wa0042_b.jpg 577w, https:\/\/grupoevita.com\/wp-content\/uploads\/2019\/06\/img-20190607-wa0042_b-300x225.jpg 300w\" sizes=\"auto, (max-width: 577px) 100vw, 577px\" \/><\/p>\n<p>Pendant cette mission, des contacts ont \u00e9t\u00e9 \u00e9tablis avec l\u2019Ambassade de Guin\u00e9e \u00c9quatoriale en \u00c9gypte, la Chambre de Commerce d\u2019\u00c9gypte, plusieurs entreprises du secteur manufacturier du carrelage, de la vente de mat\u00e9riel industriel, de production de papier et d\u2019entreprises sp\u00e9cialis\u00e9es dans l\u2019importation, mais aussi bien d\u2019autres secteurs.<\/p>\n<p><img loading=\"lazy\" decoding=\"async\" class=\"alignnone size-full wp-image-1300 aligncenter\" src=\"https:\/\/grupoevita.com\/wp-content\/uploads\/2019\/06\/img-20190607-wa0040_b.jpg\" alt=\"\" width=\"433\" height=\"577\" srcset=\"https:\/\/grupoevita.com\/wp-content\/uploads\/2019\/06\/img-20190607-wa0040_b.jpg 433w, https:\/\/grupoevita.com\/wp-content\/uploads\/2019\/06\/img-20190607-wa0040_b-225x300.jpg 225w\" sizes=\"auto, (max-width: 433px) 100vw, 433px\" \/><\/p>\n","protected":false},"excerpt":{"rendered":"<p>Le GROUPE EVITA a particip\u00e9 au salon IATF (Inter-African Trade Fair) qui s\u2019est tenu au Caire (\u00c9gypte) du 11 au 17 d\u00e9cembre 2018. Celui-ci avait pour objectif de d\u00e9velopper les \u00e9changes commerciaux entre les principales entreprises des secteurs priv\u00e9s et publics d\u2019Afrique et ainsi renforcer l\u2019Union africaine. Le GROUPE EVITA s\u2019est rendu \u00e0 l\u2019\u00e9v\u00e9nement en [&hellip;]<\/p>\n","protected":false},"author":1,"featured_media":1294,"comment_status":"open","ping_status":"open","sticky":false,"template":"","format":"standard","meta":{"footnotes":""},"categories":[4],"tags":[],"class_list":["post-1319","post","type-post","status-publish","format-standard","has-post-thumbnail","hentry","category-uncategorized"],"_links":{"self":[{"href":"https:\/\/grupoevita.com\/fr\/wp-json\/wp\/v2\/posts\/1319","targetHints":{"allow":["GET"]}}],"collection":[{"href":"https:\/\/grupoevita.com\/fr\/wp-json\/wp\/v2\/posts"}],"about":[{"href":"https:\/\/grupoevita.com\/fr\/wp-json\/wp\/v2\/types\/post"}],"author":[{"embeddable":true,"href":"https:\/\/grupoevita.com\/fr\/wp-json\/wp\/v2\/users\/1"}],"replies":[{"embeddable":true,"href":"https:\/\/grupoevita.com\/fr\/wp-json\/wp\/v2\/comments?post=1319"}],"version-history":[{"count":3,"href":"https:\/\/grupoevita.com\/fr\/wp-json\/wp\/v2\/posts\/1319\/revisions"}],"predecessor-version":[{"id":1322,"href":"https:\/\/grupoevita.com\/fr\/wp-json\/wp\/v2\/posts\/1319\/revisions\/1322"}],"wp:featuredmedia":[{"embeddable":true,"href":"https:\/\/grupoevita.com\/fr\/wp-json\/wp\/v2\/media\/1294"}],"wp:attachment":[{"href":"https:\/\/grupoevita.com\/fr\/wp-json\/wp\/v2\/media?parent=1319"}],"wp:term":[{"taxonomy":"category","embeddable":true,"href":"https:\/\/grupoevita.com\/fr\/wp-json\/wp\/v2\/categories?post=1319"},{"taxonomy":"post_tag","embeddable":true,"href":"https:\/\/grupoevita.com\/fr\/wp-json\/wp\/v2\/tags?post=1319"}],"curies":[{"name":"wp","href":"https:\/\/api.w.org\/{rel}","templated":true}]}}